{"id":42,"date":"2017-11-26T15:38:03","date_gmt":"2017-11-26T15:38:03","guid":{"rendered":"http:\/\/eveildutemps.fr\/?p=42"},"modified":"2017-11-26T15:38:03","modified_gmt":"2017-11-26T15:38:03","slug":"accompagnement-vers-leveil-de-soi","status":"publish","type":"post","link":"https:\/\/eveildutemps.fr\/index.php\/2017\/11\/26\/accompagnement-vers-leveil-de-soi\/","title":{"rendered":"Accompagnement vers l&rsquo;\u00e9veil de\u00a0soi"},"content":{"rendered":"<p>&nbsp;<\/p>\n<p>Bienvenue<\/p>\n<h6 class=\"font_6\"><\/h6>\n<p class=\"font_8\">Sur ce site o\u00f9 je pr\u00e9sente les diff\u00e9rentes approches que je peux utiliser\u00a0lors des s\u00e9ances de soins<\/p>\n<p class=\"font_8\">ou lors des\u00a0ateliers de groupe<\/p>\n<p><img data-recalc-dims=\"1\" fetchpriority=\"high\" decoding=\"async\" class=\"alignnone size-full wp-image-43 aligncenter\" src=\"https:\/\/eveildutemps.files.wordpress.com\/2017\/11\/content_praxis_heilen.jpg?resize=750%2C313\" alt=\"content_praxis_heilen\" width=\"750\" height=\"313\" srcset=\"https:\/\/i0.wp.com\/eveildutemps.fr\/wp-content\/uploads\/2017\/11\/content_praxis_heilen.jpg?w=750&amp;ssl=1 750w, https:\/\/i0.wp.com\/eveildutemps.fr\/wp-content\/uploads\/2017\/11\/content_praxis_heilen.jpg?resize=300%2C125&amp;ssl=1 300w\" sizes=\"(max-width: 750px) 100vw, 750px\" \/><\/p>\n","protected":false},"excerpt":{"rendered":"<p>&nbsp; Bienvenue Sur ce site o\u00f9 je pr\u00e9sente les diff\u00e9rentes approches que je peux utiliser\u00a0lors des s\u00e9ances de soins ou lors des\u00a0ateliers de groupe<\/p>\n","protected":false},"author":1,"featured_media":0,"comment_status":"open","ping_status":"open","sticky":false,"template":"","format":"standard","meta":{"_jetpack_memberships_contains_paid_content":false,"footnotes":""},"categories":[2],"tags":[],"class_list":["post-42","post","type-post","status-publish","format-standard","hentry","category-uncategorized"],"yoast_head":"<!-- This site is optimized with the Yoast SEO plugin v27.5 - https:\/\/yoast.com\/product\/yoast-seo-wordpress\/ -->\n<title>Accompagnement vers l&#039;\u00e9veil de\u00a0soi ~ Eveildutemps<\/title>\n<meta name=\"robots\" content=\"index, follow, max-snippet:-1, max-image-preview:large, max-video-preview:-1\" \/>\n<link rel=\"canonical\" href=\"https:\/\/eveildutemps.fr\/index.php\/2017\/11\/26\/accompagnement-vers-leveil-de-soi\/\" \/>\n<meta property=\"og:locale\" content=\"fr_FR\" \/>\n<meta property=\"og:type\" content=\"article\" \/>\n<meta property=\"og:title\" content=\"Accompagnement vers l&#039;\u00e9veil de\u00a0soi ~ Eveildutemps\" \/>\n<meta property=\"og:description\" content=\"&nbsp; Bienvenue Sur ce site o\u00f9 je pr\u00e9sente les diff\u00e9rentes approches que je peux utiliser\u00a0lors des s\u00e9ances de soins ou lors des\u00a0ateliers de groupe\" \/>\n<meta property=\"og:url\" content=\"https:\/\/eveildutemps.fr\/index.php\/2017\/11\/26\/accompagnement-vers-leveil-de-soi\/\" \/>\n<meta property=\"og:site_name\" content=\"Eveildutemps\" \/>\n<meta property=\"article:publisher\" content=\"https:\/\/www.facebook.com\/Eveildutemps\/?ref=pages_you_manage\" \/>\n<meta property=\"article:author\" content=\"https:\/\/www.facebook.com\/Eveildutemps\/?ref=pages_you_manage\" \/>\n<meta property=\"article:published_time\" content=\"2017-11-26T15:38:03+00:00\" \/>\n<meta property=\"og:image\" content=\"https:\/\/eveildutemps.files.wordpress.com\/2017\/11\/content_praxis_heilen.jpg\" \/>\n<meta name=\"author\" content=\"adminEveil\" \/>\n<meta name=\"twitter:card\" content=\"summary_large_image\" \/>\n<meta name=\"twitter:label1\" content=\"\u00c9crit par\" \/>\n\t<meta name=\"twitter:data1\" content=\"adminEveil\" \/>\n<script type=\"application\/ld+json\" class=\"yoast-schema-graph\">{\"@context\":\"https:\\\/\\\/schema.org\",\"@graph\":[{\"@type\":\"Article\",\"@id\":\"https:\\\/\\\/eveildutemps.fr\\\/index.php\\\/2017\\\/11\\\/26\\\/accompagnement-vers-leveil-de-soi\\\/#article\",\"isPartOf\":{\"@id\":\"https:\\\/\\\/eveildutemps.fr\\\/index.php\\\/2017\\\/11\\\/26\\\/accompagnement-vers-leveil-de-soi\\\/\"},\"author\":{\"name\":\"adminEveil\",\"@id\":\"https:\\\/\\\/eveildutemps.fr\\\/#\\\/schema\\\/person\\\/862f60b7e29f5f40e20ade2e675e22fd\"},\"headline\":\"Accompagnement vers l&rsquo;\u00e9veil de\u00a0soi\",\"datePublished\":\"2017-11-26T15:38:03+00:00\",\"mainEntityOfPage\":{\"@id\":\"https:\\\/\\\/eveildutemps.fr\\\/index.php\\\/2017\\\/11\\\/26\\\/accompagnement-vers-leveil-de-soi\\\/\"},\"wordCount\":35,\"commentCount\":0,\"publisher\":{\"@id\":\"https:\\\/\\\/eveildutemps.fr\\\/#\\\/schema\\\/person\\\/862f60b7e29f5f40e20ade2e675e22fd\"},\"image\":{\"@id\":\"https:\\\/\\\/eveildutemps.fr\\\/index.php\\\/2017\\\/11\\\/26\\\/accompagnement-vers-leveil-de-soi\\\/#primaryimage\"},\"thumbnailUrl\":\"https:\\\/\\\/eveildutemps.files.wordpress.com\\\/2017\\\/11\\\/content_praxis_heilen.jpg\",\"articleSection\":[\"Uncategorized\"],\"inLanguage\":\"fr-FR\",\"potentialAction\":[{\"@type\":\"CommentAction\",\"name\":\"Comment\",\"target\":[\"https:\\\/\\\/eveildutemps.fr\\\/index.php\\\/2017\\\/11\\\/26\\\/accompagnement-vers-leveil-de-soi\\\/#respond\"]}]},{\"@type\":\"WebPage\",\"@id\":\"https:\\\/\\\/eveildutemps.fr\\\/index.php\\\/2017\\\/11\\\/26\\\/accompagnement-vers-leveil-de-soi\\\/\",\"url\":\"https:\\\/\\\/eveildutemps.fr\\\/index.php\\\/2017\\\/11\\\/26\\\/accompagnement-vers-leveil-de-soi\\\/\",\"name\":\"Accompagnement vers l'\u00e9veil de\u00a0soi ~ Eveildutemps\",\"isPartOf\":{\"@id\":\"https:\\\/\\\/eveildutemps.fr\\\/#website\"},\"primaryImageOfPage\":{\"@id\":\"https:\\\/\\\/eveildutemps.fr\\\/index.php\\\/2017\\\/11\\\/26\\\/accompagnement-vers-leveil-de-soi\\\/#primaryimage\"},\"image\":{\"@id\":\"https:\\\/\\\/eveildutemps.fr\\\/index.php\\\/2017\\\/11\\\/26\\\/accompagnement-vers-leveil-de-soi\\\/#primaryimage\"},\"thumbnailUrl\":\"https:\\\/\\\/eveildutemps.files.wordpress.com\\\/2017\\\/11\\\/content_praxis_heilen.jpg\",\"datePublished\":\"2017-11-26T15:38:03+00:00\",\"breadcrumb\":{\"@id\":\"https:\\\/\\\/eveildutemps.fr\\\/index.php\\\/2017\\\/11\\\/26\\\/accompagnement-vers-leveil-de-soi\\\/#breadcrumb\"},\"inLanguage\":\"fr-FR\",\"potentialAction\":[{\"@type\":\"ReadAction\",\"target\":[\"https:\\\/\\\/eveildutemps.fr\\\/index.php\\\/2017\\\/11\\\/26\\\/accompagnement-vers-leveil-de-soi\\\/\"]}]},{\"@type\":\"ImageObject\",\"inLanguage\":\"fr-FR\",\"@id\":\"https:\\\/\\\/eveildutemps.fr\\\/index.php\\\/2017\\\/11\\\/26\\\/accompagnement-vers-leveil-de-soi\\\/#primaryimage\",\"url\":\"https:\\\/\\\/eveildutemps.files.wordpress.com\\\/2017\\\/11\\\/content_praxis_heilen.jpg\",\"contentUrl\":\"https:\\\/\\\/eveildutemps.files.wordpress.com\\\/2017\\\/11\\\/content_praxis_heilen.jpg\"},{\"@type\":\"BreadcrumbList\",\"@id\":\"https:\\\/\\\/eveildutemps.fr\\\/index.php\\\/2017\\\/11\\\/26\\\/accompagnement-vers-leveil-de-soi\\\/#breadcrumb\",\"itemListElement\":[{\"@type\":\"ListItem\",\"position\":1,\"name\":\"Accueil\",\"item\":\"https:\\\/\\\/eveildutemps.fr\\\/\"},{\"@type\":\"ListItem\",\"position\":2,\"name\":\"Accompagnement vers l&rsquo;\u00e9veil de\u00a0soi\"}]},{\"@type\":\"WebSite\",\"@id\":\"https:\\\/\\\/eveildutemps.fr\\\/#website\",\"url\":\"https:\\\/\\\/eveildutemps.fr\\\/\",\"name\":\"Eveildutemps\",\"description\":\"Fr\u00e9d\u00e9ric Girard Magn\u00e9tiseur Th\u00e9rapeute Echirolles Grenoble\",\"publisher\":{\"@id\":\"https:\\\/\\\/eveildutemps.fr\\\/#\\\/schema\\\/person\\\/862f60b7e29f5f40e20ade2e675e22fd\"},\"alternateName\":\"Fr\u00e9d\u00e9ric Girard\",\"potentialAction\":[{\"@type\":\"SearchAction\",\"target\":{\"@type\":\"EntryPoint\",\"urlTemplate\":\"https:\\\/\\\/eveildutemps.fr\\\/?s={search_term_string}\"},\"query-input\":{\"@type\":\"PropertyValueSpecification\",\"valueRequired\":true,\"valueName\":\"search_term_string\"}}],\"inLanguage\":\"fr-FR\"},{\"@type\":[\"Person\",\"Organization\"],\"@id\":\"https:\\\/\\\/eveildutemps.fr\\\/#\\\/schema\\\/person\\\/862f60b7e29f5f40e20ade2e675e22fd\",\"name\":\"adminEveil\",\"image\":{\"@type\":\"ImageObject\",\"inLanguage\":\"fr-FR\",\"@id\":\"https:\\\/\\\/i0.wp.com\\\/eveildutemps.fr\\\/wp-content\\\/uploads\\\/2022\\\/07\\\/Frederic-Girard-fb.png?fit=613%2C570&ssl=1\",\"url\":\"https:\\\/\\\/i0.wp.com\\\/eveildutemps.fr\\\/wp-content\\\/uploads\\\/2022\\\/07\\\/Frederic-Girard-fb.png?fit=613%2C570&ssl=1\",\"contentUrl\":\"https:\\\/\\\/i0.wp.com\\\/eveildutemps.fr\\\/wp-content\\\/uploads\\\/2022\\\/07\\\/Frederic-Girard-fb.png?fit=613%2C570&ssl=1\",\"width\":613,\"height\":570,\"caption\":\"adminEveil\"},\"logo\":{\"@id\":\"https:\\\/\\\/i0.wp.com\\\/eveildutemps.fr\\\/wp-content\\\/uploads\\\/2022\\\/07\\\/Frederic-Girard-fb.png?fit=613%2C570&ssl=1\"},\"description\":\"Magn\u00e9tiseur Th\u00e9rapeute Grenoble ou \u00e0 distance\",\"sameAs\":[\"http:\\\/\\\/eveildutemps.fr\",\"https:\\\/\\\/www.facebook.com\\\/Eveildutemps\\\/?ref=pages_you_manage\",\"https:\\\/\\\/www.instagram.com\\\/therapeuthe_medicentre\\\/?hl=fr\"],\"url\":\"https:\\\/\\\/eveildutemps.fr\\\/index.php\\\/author\\\/admineveil\\\/\"}]}<\/script>\n<!-- \/ Yoast SEO plugin. -->","yoast_head_json":{"title":"Accompagnement vers l'\u00e9veil de\u00a0soi ~ Eveildutemps","robots":{"index":"index","follow":"follow","max-snippet":"max-snippet:-1","max-image-preview":"max-image-preview:large","max-video-preview":"max-video-preview:-1"},"canonical":"https:\/\/eveildutemps.fr\/index.php\/2017\/11\/26\/accompagnement-vers-leveil-de-soi\/","og_locale":"fr_FR","og_type":"article","og_title":"Accompagnement vers l'\u00e9veil de\u00a0soi ~ Eveildutemps","og_description":"&nbsp; Bienvenue Sur ce site o\u00f9 je pr\u00e9sente les diff\u00e9rentes approches que je peux utiliser\u00a0lors des s\u00e9ances de soins ou lors des\u00a0ateliers de groupe","og_url":"https:\/\/eveildutemps.fr\/index.php\/2017\/11\/26\/accompagnement-vers-leveil-de-soi\/","og_site_name":"Eveildutemps","article_publisher":"https:\/\/www.facebook.com\/Eveildutemps\/?ref=pages_you_manage","article_author":"https:\/\/www.facebook.com\/Eveildutemps\/?ref=pages_you_manage","article_published_time":"2017-11-26T15:38:03+00:00","og_image":[{"url":"https:\/\/eveildutemps.files.wordpress.com\/2017\/11\/content_praxis_heilen.jpg","type":"","width":"","height":""}],"author":"adminEveil","twitter_card":"summary_large_image","twitter_misc":{"\u00c9crit par":"adminEveil"},"schema":{"@context":"https:\/\/schema.org","@graph":[{"@type":"Article","@id":"https:\/\/eveildutemps.fr\/index.php\/2017\/11\/26\/accompagnement-vers-leveil-de-soi\/#article","isPartOf":{"@id":"https:\/\/eveildutemps.fr\/index.php\/2017\/11\/26\/accompagnement-vers-leveil-de-soi\/"},"author":{"name":"adminEveil","@id":"https:\/\/eveildutemps.fr\/#\/schema\/person\/862f60b7e29f5f40e20ade2e675e22fd"},"headline":"Accompagnement vers l&rsquo;\u00e9veil de\u00a0soi","datePublished":"2017-11-26T15:38:03+00:00","mainEntityOfPage":{"@id":"https:\/\/eveildutemps.fr\/index.php\/2017\/11\/26\/accompagnement-vers-leveil-de-soi\/"},"wordCount":35,"commentCount":0,"publisher":{"@id":"https:\/\/eveildutemps.fr\/#\/schema\/person\/862f60b7e29f5f40e20ade2e675e22fd"},"image":{"@id":"https:\/\/eveildutemps.fr\/index.php\/2017\/11\/26\/accompagnement-vers-leveil-de-soi\/#primaryimage"},"thumbnailUrl":"https:\/\/eveildutemps.files.wordpress.com\/2017\/11\/content_praxis_heilen.jpg","articleSection":["Uncategorized"],"inLanguage":"fr-FR","potentialAction":[{"@type":"CommentAction","name":"Comment","target":["https:\/\/eveildutemps.fr\/index.php\/2017\/11\/26\/accompagnement-vers-leveil-de-soi\/#respond"]}]},{"@type":"WebPage","@id":"https:\/\/eveildutemps.fr\/index.php\/2017\/11\/26\/accompagnement-vers-leveil-de-soi\/","url":"https:\/\/eveildutemps.fr\/index.php\/2017\/11\/26\/accompagnement-vers-leveil-de-soi\/","name":"Accompagnement vers l'\u00e9veil de\u00a0soi ~ Eveildutemps","isPartOf":{"@id":"https:\/\/eveildutemps.fr\/#website"},"primaryImageOfPage":{"@id":"https:\/\/eveildutemps.fr\/index.php\/2017\/11\/26\/accompagnement-vers-leveil-de-soi\/#primaryimage"},"image":{"@id":"https:\/\/eveildutemps.fr\/index.php\/2017\/11\/26\/accompagnement-vers-leveil-de-soi\/#primaryimage"},"thumbnailUrl":"https:\/\/eveildutemps.files.wordpress.com\/2017\/11\/content_praxis_heilen.jpg","datePublished":"2017-11-26T15:38:03+00:00","breadcrumb":{"@id":"https:\/\/eveildutemps.fr\/index.php\/2017\/11\/26\/accompagnement-vers-leveil-de-soi\/#breadcrumb"},"inLanguage":"fr-FR","potentialAction":[{"@type":"ReadAction","target":["https:\/\/eveildutemps.fr\/index.php\/2017\/11\/26\/accompagnement-vers-leveil-de-soi\/"]}]},{"@type":"ImageObject","inLanguage":"fr-FR","@id":"https:\/\/eveildutemps.fr\/index.php\/2017\/11\/26\/accompagnement-vers-leveil-de-soi\/#primaryimage","url":"https:\/\/eveildutemps.files.wordpress.com\/2017\/11\/content_praxis_heilen.jpg","contentUrl":"https:\/\/eveildutemps.files.wordpress.com\/2017\/11\/content_praxis_heilen.jpg"},{"@type":"BreadcrumbList","@id":"https:\/\/eveildutemps.fr\/index.php\/2017\/11\/26\/accompagnement-vers-leveil-de-soi\/#breadcrumb","itemListElement":[{"@type":"ListItem","position":1,"name":"Accueil","item":"https:\/\/eveildutemps.fr\/"},{"@type":"ListItem","position":2,"name":"Accompagnement vers l&rsquo;\u00e9veil de\u00a0soi"}]},{"@type":"WebSite","@id":"https:\/\/eveildutemps.fr\/#website","url":"https:\/\/eveildutemps.fr\/","name":"Eveildutemps","description":"Fr\u00e9d\u00e9ric Girard Magn\u00e9tiseur Th\u00e9rapeute Echirolles Grenoble","publisher":{"@id":"https:\/\/eveildutemps.fr\/#\/schema\/person\/862f60b7e29f5f40e20ade2e675e22fd"},"alternateName":"Fr\u00e9d\u00e9ric Girard","potentialAction":[{"@type":"SearchAction","target":{"@type":"EntryPoint","urlTemplate":"https:\/\/eveildutemps.fr\/?s={search_term_string}"},"query-input":{"@type":"PropertyValueSpecification","valueRequired":true,"valueName":"search_term_string"}}],"inLanguage":"fr-FR"},{"@type":["Person","Organization"],"@id":"https:\/\/eveildutemps.fr\/#\/schema\/person\/862f60b7e29f5f40e20ade2e675e22fd","name":"adminEveil","image":{"@type":"ImageObject","inLanguage":"fr-FR","@id":"https:\/\/i0.wp.com\/eveildutemps.fr\/wp-content\/uploads\/2022\/07\/Frederic-Girard-fb.png?fit=613%2C570&ssl=1","url":"https:\/\/i0.wp.com\/eveildutemps.fr\/wp-content\/uploads\/2022\/07\/Frederic-Girard-fb.png?fit=613%2C570&ssl=1","contentUrl":"https:\/\/i0.wp.com\/eveildutemps.fr\/wp-content\/uploads\/2022\/07\/Frederic-Girard-fb.png?fit=613%2C570&ssl=1","width":613,"height":570,"caption":"adminEveil"},"logo":{"@id":"https:\/\/i0.wp.com\/eveildutemps.fr\/wp-content\/uploads\/2022\/07\/Frederic-Girard-fb.png?fit=613%2C570&ssl=1"},"description":"Magn\u00e9tiseur Th\u00e9rapeute Grenoble ou \u00e0 distance","sameAs":["http:\/\/eveildutemps.fr","https:\/\/www.facebook.com\/Eveildutemps\/?ref=pages_you_manage","https:\/\/www.instagram.com\/therapeuthe_medicentre\/?hl=fr"],"url":"https:\/\/eveildutemps.fr\/index.php\/author\/admineveil\/"}]}},"jetpack_featured_media_url":"","jetpack_sharing_enabled":true,"_links":{"self":[{"href":"https:\/\/eveildutemps.fr\/index.php\/wp-json\/wp\/v2\/posts\/42","targetHints":{"allow":["GET"]}}],"collection":[{"href":"https:\/\/eveildutemps.fr\/index.php\/wp-json\/wp\/v2\/posts"}],"about":[{"href":"https:\/\/eveildutemps.fr\/index.php\/wp-json\/wp\/v2\/types\/post"}],"author":[{"embeddable":true,"href":"https:\/\/eveildutemps.fr\/index.php\/wp-json\/wp\/v2\/users\/1"}],"replies":[{"embeddable":true,"href":"https:\/\/eveildutemps.fr\/index.php\/wp-json\/wp\/v2\/comments?post=42"}],"version-history":[{"count":0,"href":"https:\/\/eveildutemps.fr\/index.php\/wp-json\/wp\/v2\/posts\/42\/revisions"}],"wp:attachment":[{"href":"https:\/\/eveildutemps.fr\/index.php\/wp-json\/wp\/v2\/media?parent=42"}],"wp:term":[{"taxonomy":"category","embeddable":true,"href":"https:\/\/eveildutemps.fr\/index.php\/wp-json\/wp\/v2\/categories?post=42"},{"taxonomy":"post_tag","embeddable":true,"href":"https:\/\/eveildutemps.fr\/index.php\/wp-json\/wp\/v2\/tags?post=42"}],"curies":[{"name":"wp","href":"https:\/\/api.w.org\/{rel}","templated":true}]}}