{"id":1,"name":"adminEveil","url":"http:\/\/eveildutemps.fr","description":"Magn\u00e9tiseur Th\u00e9rapeute Grenoble ou \u00e0 distance","link":"https:\/\/eveildutemps.fr\/index.php\/author\/admineveil\/","slug":"admineveil","avatar_urls":{"24":"https:\/\/eveildutemps.fr\/wp-content\/litespeed\/avatar\/cdcd94e3ae5ba9d71f4e3b982abf597d.jpg?ver=1777507304","48":"https:\/\/eveildutemps.fr\/wp-content\/litespeed\/avatar\/c4a368644676f1ffead06c8c7c9ed7d0.jpg?ver=1777507304","96":"https:\/\/eveildutemps.fr\/wp-content\/litespeed\/avatar\/699ea003964e0b44dd684ecf60d262b6.jpg?ver=1777507304"},"meta":{"jetpack_donation_warning_dismissed":false},"yoast_head":"<!-- This site is optimized with the Yoast SEO plugin v27.5 - https:\/\/yoast.com\/product\/yoast-seo-wordpress\/ -->\n<title>Fr\u00e9d\u00e9ric Girard<\/title>\n<meta name=\"description\" content=\"Magn\u00e9tiseur Th\u00e9rapeute Holistique\" \/>\n<meta name=\"robots\" content=\"index, follow, max-snippet:-1, max-image-preview:large, max-video-preview:-1\" \/>\n<link rel=\"canonical\" href=\"https:\/\/eveildutemps.fr\/index.php\/author\/admineveil\/\" \/>\n<meta property=\"og:locale\" content=\"fr_FR\" \/>\n<meta property=\"og:type\" content=\"profile\" \/>\n<meta property=\"og:title\" content=\"Fr\u00e9d\u00e9ric Girard\" \/>\n<meta property=\"og:description\" content=\"Magn\u00e9tiseur Th\u00e9rapeute Holistique\" \/>\n<meta property=\"og:url\" content=\"https:\/\/eveildutemps.fr\/index.php\/author\/admineveil\/\" \/>\n<meta property=\"og:site_name\" content=\"Eveildutemps\" \/>\n<meta property=\"og:image\" content=\"https:\/\/eveildutemps.fr\/wp-content\/litespeed\/avatar\/b34ea8318c04b390c7221a947c8d5bc5.jpg\" \/>\n<meta name=\"twitter:card\" content=\"summary_large_image\" \/>\n<script type=\"application\/ld+json\" class=\"yoast-schema-graph\">{\"@context\":\"https:\\\/\\\/schema.org\",\"@graph\":[{\"@type\":\"ProfilePage\",\"@id\":\"https:\\\/\\\/eveildutemps.fr\\\/index.php\\\/author\\\/admineveil\\\/\",\"url\":\"https:\\\/\\\/eveildutemps.fr\\\/index.php\\\/author\\\/admineveil\\\/\",\"name\":\"Fr\u00e9d\u00e9ric Girard\",\"isPartOf\":{\"@id\":\"https:\\\/\\\/eveildutemps.fr\\\/#website\"},\"description\":\"Magn\u00e9tiseur Th\u00e9rapeute Holistique\",\"breadcrumb\":{\"@id\":\"https:\\\/\\\/eveildutemps.fr\\\/index.php\\\/author\\\/admineveil\\\/#breadcrumb\"},\"inLanguage\":\"fr-FR\",\"potentialAction\":[{\"@type\":\"ReadAction\",\"target\":[\"https:\\\/\\\/eveildutemps.fr\\\/index.php\\\/author\\\/admineveil\\\/\"]}]},{\"@type\":\"BreadcrumbList\",\"@id\":\"https:\\\/\\\/eveildutemps.fr\\\/index.php\\\/author\\\/admineveil\\\/#breadcrumb\",\"itemListElement\":[{\"@type\":\"ListItem\",\"position\":1,\"name\":\"Accueil\",\"item\":\"https:\\\/\\\/eveildutemps.fr\\\/\"},{\"@type\":\"ListItem\",\"position\":2,\"name\":\"Archives pour adminEveil\"}]},{\"@type\":\"WebSite\",\"@id\":\"https:\\\/\\\/eveildutemps.fr\\\/#website\",\"url\":\"https:\\\/\\\/eveildutemps.fr\\\/\",\"name\":\"Eveildutemps\",\"description\":\"Fr\u00e9d\u00e9ric Girard Magn\u00e9tiseur Th\u00e9rapeute Echirolles Grenoble\",\"publisher\":{\"@id\":\"https:\\\/\\\/eveildutemps.fr\\\/#\\\/schema\\\/person\\\/862f60b7e29f5f40e20ade2e675e22fd\"},\"alternateName\":\"Fr\u00e9d\u00e9ric Girard\",\"potentialAction\":[{\"@type\":\"SearchAction\",\"target\":{\"@type\":\"EntryPoint\",\"urlTemplate\":\"https:\\\/\\\/eveildutemps.fr\\\/?s={search_term_string}\"},\"query-input\":{\"@type\":\"PropertyValueSpecification\",\"valueRequired\":true,\"valueName\":\"search_term_string\"}}],\"inLanguage\":\"fr-FR\"},{\"@type\":[\"Person\",\"Organization\"],\"@id\":\"https:\\\/\\\/eveildutemps.fr\\\/#\\\/schema\\\/person\\\/862f60b7e29f5f40e20ade2e675e22fd\",\"name\":\"adminEveil\",\"image\":{\"@type\":\"ImageObject\",\"inLanguage\":\"fr-FR\",\"@id\":\"https:\\\/\\\/i0.wp.com\\\/eveildutemps.fr\\\/wp-content\\\/uploads\\\/2022\\\/07\\\/Frederic-Girard-fb.png?fit=613%2C570&ssl=1\",\"url\":\"https:\\\/\\\/i0.wp.com\\\/eveildutemps.fr\\\/wp-content\\\/uploads\\\/2022\\\/07\\\/Frederic-Girard-fb.png?fit=613%2C570&ssl=1\",\"contentUrl\":\"https:\\\/\\\/i0.wp.com\\\/eveildutemps.fr\\\/wp-content\\\/uploads\\\/2022\\\/07\\\/Frederic-Girard-fb.png?fit=613%2C570&ssl=1\",\"width\":613,\"height\":570,\"caption\":\"adminEveil\"},\"logo\":{\"@id\":\"https:\\\/\\\/i0.wp.com\\\/eveildutemps.fr\\\/wp-content\\\/uploads\\\/2022\\\/07\\\/Frederic-Girard-fb.png?fit=613%2C570&ssl=1\"},\"description\":\"Magn\u00e9tiseur Th\u00e9rapeute Grenoble ou \u00e0 distance\",\"sameAs\":[\"http:\\\/\\\/eveildutemps.fr\",\"https:\\\/\\\/www.facebook.com\\\/Eveildutemps\\\/?ref=pages_you_manage\",\"https:\\\/\\\/www.instagram.com\\\/therapeuthe_medicentre\\\/?hl=fr\"],\"mainEntityOfPage\":{\"@id\":\"https:\\\/\\\/eveildutemps.fr\\\/index.php\\\/author\\\/admineveil\\\/\"}}]}<\/script>\n<!-- \/ Yoast SEO plugin. -->","yoast_head_json":{"title":"Fr\u00e9d\u00e9ric Girard","description":"Magn\u00e9tiseur Th\u00e9rapeute Holistique","robots":{"index":"index","follow":"follow","max-snippet":"max-snippet:-1","max-image-preview":"max-image-preview:large","max-video-preview":"max-video-preview:-1"},"canonical":"https:\/\/eveildutemps.fr\/index.php\/author\/admineveil\/","og_locale":"fr_FR","og_type":"profile","og_title":"Fr\u00e9d\u00e9ric Girard","og_description":"Magn\u00e9tiseur Th\u00e9rapeute Holistique","og_url":"https:\/\/eveildutemps.fr\/index.php\/author\/admineveil\/","og_site_name":"Eveildutemps","og_image":[{"url":"https:\/\/eveildutemps.fr\/wp-content\/litespeed\/avatar\/b34ea8318c04b390c7221a947c8d5bc5.jpg","type":"","width":"","height":""}],"twitter_card":"summary_large_image","schema":{"@context":"https:\/\/schema.org","@graph":[{"@type":"ProfilePage","@id":"https:\/\/eveildutemps.fr\/index.php\/author\/admineveil\/","url":"https:\/\/eveildutemps.fr\/index.php\/author\/admineveil\/","name":"Fr\u00e9d\u00e9ric Girard","isPartOf":{"@id":"https:\/\/eveildutemps.fr\/#website"},"description":"Magn\u00e9tiseur Th\u00e9rapeute Holistique","breadcrumb":{"@id":"https:\/\/eveildutemps.fr\/index.php\/author\/admineveil\/#breadcrumb"},"inLanguage":"fr-FR","potentialAction":[{"@type":"ReadAction","target":["https:\/\/eveildutemps.fr\/index.php\/author\/admineveil\/"]}]},{"@type":"BreadcrumbList","@id":"https:\/\/eveildutemps.fr\/index.php\/author\/admineveil\/#breadcrumb","itemListElement":[{"@type":"ListItem","position":1,"name":"Accueil","item":"https:\/\/eveildutemps.fr\/"},{"@type":"ListItem","position":2,"name":"Archives pour adminEveil"}]},{"@type":"WebSite","@id":"https:\/\/eveildutemps.fr\/#website","url":"https:\/\/eveildutemps.fr\/","name":"Eveildutemps","description":"Fr\u00e9d\u00e9ric Girard Magn\u00e9tiseur Th\u00e9rapeute Echirolles Grenoble","publisher":{"@id":"https:\/\/eveildutemps.fr\/#\/schema\/person\/862f60b7e29f5f40e20ade2e675e22fd"},"alternateName":"Fr\u00e9d\u00e9ric Girard","potentialAction":[{"@type":"SearchAction","target":{"@type":"EntryPoint","urlTemplate":"https:\/\/eveildutemps.fr\/?s={search_term_string}"},"query-input":{"@type":"PropertyValueSpecification","valueRequired":true,"valueName":"search_term_string"}}],"inLanguage":"fr-FR"},{"@type":["Person","Organization"],"@id":"https:\/\/eveildutemps.fr\/#\/schema\/person\/862f60b7e29f5f40e20ade2e675e22fd","name":"adminEveil","image":{"@type":"ImageObject","inLanguage":"fr-FR","@id":"https:\/\/i0.wp.com\/eveildutemps.fr\/wp-content\/uploads\/2022\/07\/Frederic-Girard-fb.png?fit=613%2C570&ssl=1","url":"https:\/\/i0.wp.com\/eveildutemps.fr\/wp-content\/uploads\/2022\/07\/Frederic-Girard-fb.png?fit=613%2C570&ssl=1","contentUrl":"https:\/\/i0.wp.com\/eveildutemps.fr\/wp-content\/uploads\/2022\/07\/Frederic-Girard-fb.png?fit=613%2C570&ssl=1","width":613,"height":570,"caption":"adminEveil"},"logo":{"@id":"https:\/\/i0.wp.com\/eveildutemps.fr\/wp-content\/uploads\/2022\/07\/Frederic-Girard-fb.png?fit=613%2C570&ssl=1"},"description":"Magn\u00e9tiseur Th\u00e9rapeute Grenoble ou \u00e0 distance","sameAs":["http:\/\/eveildutemps.fr","https:\/\/www.facebook.com\/Eveildutemps\/?ref=pages_you_manage","https:\/\/www.instagram.com\/therapeuthe_medicentre\/?hl=fr"],"mainEntityOfPage":{"@id":"https:\/\/eveildutemps.fr\/index.php\/author\/admineveil\/"}}]}},"elementor_introduction":{"yoast-introduction":true,"exit_to":true,"ai-get-started-announcement":true,"globals_introduction":true,"e-apps":true,"ai_promotion_introduction_textarea":true,"yoast-introduction-editor-v2":true,"e-editor-one-notice-pointer":true},"_links":{"self":[{"href":"https:\/\/eveildutemps.fr\/index.php\/wp-json\/wp\/v2\/users\/1","targetHints":{"allow":["GET"]}}],"collection":[{"href":"https:\/\/eveildutemps.fr\/index.php\/wp-json\/wp\/v2\/users"}]}}